{"id":3083,"date":"2026-07-30T08:51:03","date_gmt":"2026-07-30T08:51:03","guid":{"rendered":"https:\/\/grandgelgumi.com\/?p=3083"},"modified":"2026-07-31T00:43:36","modified_gmt":"2026-07-31T00:43:36","slug":"takviye-urunleri-icin-ambalajlar","status":"publish","type":"post","link":"https:\/\/grandgelgumi.com\/tr\/packaging-for-supplements\/","title":{"rendered":"Takviyeler \u0130\u00e7in En \u0130yi Ambalaj Nas\u0131l Se\u00e7ilir?"},"content":{"rendered":"<figure class=\"wp-block-image\"><img fetchpriority=\"high\" decoding=\"async\" width=\"1200\" height=\"675\" src=\"https:\/\/grandgelgumi.com\/wp-content\/uploads\/2026\/07\/051e4eef1424425cb41f4b3d0002f2cc.webp\" alt=\"Takviyeler \u0130\u00e7in En \u0130yi Ambalaj Nas\u0131l Se\u00e7ilir?\" class=\"wp-image-3085\" title=\"\" srcset=\"https:\/\/grandgelgumi.com\/wp-content\/uploads\/2026\/07\/051e4eef1424425cb41f4b3d0002f2cc.webp 1200w, https:\/\/grandgelgumi.com\/wp-content\/uploads\/2026\/07\/051e4eef1424425cb41f4b3d0002f2cc-600x338.webp 600w, https:\/\/grandgelgumi.com\/wp-content\/uploads\/2026\/07\/051e4eef1424425cb41f4b3d0002f2cc-500x281.webp 500w, https:\/\/grandgelgumi.com\/wp-content\/uploads\/2026\/07\/051e4eef1424425cb41f4b3d0002f2cc-300x169.webp 300w, https:\/\/grandgelgumi.com\/wp-content\/uploads\/2026\/07\/051e4eef1424425cb41f4b3d0002f2cc-1024x576.webp 1024w, https:\/\/grandgelgumi.com\/wp-content\/uploads\/2026\/07\/051e4eef1424425cb41f4b3d0002f2cc-768x432.webp 768w, https:\/\/grandgelgumi.com\/wp-content\/uploads\/2026\/07\/051e4eef1424425cb41f4b3d0002f2cc-80x45.webp 80w\" sizes=\"(max-width: 1200px) 100vw, 1200px\" \/><\/figure>\n\n\n\n<div style=\"height:30px\" aria-hidden=\"true\" class=\"wp-block-spacer\"><\/div>\n\n\n\n<p class=\"wp-block-paragraph\">Takviyeler i\u00e7in do\u011fru ambalaj\u0131 se\u00e7mek, hem \u00fcr\u00fcn kalitesini hem de t\u00fcketici g\u00fcvenli\u011fini korur. Takviye ambalajlar\u0131, i\u00e7eri\u011fi bozulmaya neden olabilecek nem, \u0131\u015f\u0131k ve oksijenden korumal\u0131d\u0131r. \u00d6rne\u011fin, omega-3 takviyeleri, ya\u011f asitlerinin stabil kalmas\u0131n\u0131 sa\u011flamak i\u00e7in \u0131s\u0131 ve \u0131\u015f\u0131\u011f\u0131 engelleyen ambalajlara ihtiya\u00e7 duyar. \u00dcst\u00fcn kaliteli ambalajlar, takviyelerin kullan\u0131ma kadar etkinli\u011fini ve g\u00fcvenli\u011fini korur. \u00dcreticiler ayr\u0131ca takviye t\u00fcr\u00fc, ambalaj malzemesi, g\u00fcvenlik \u00f6zellikleri, mevzuata uygunluk, markala\u015fma, s\u00fcrd\u00fcr\u00fclebilirlik ve maliyet gibi fakt\u00f6rleri de g\u00f6z \u00f6n\u00fcnde bulundurmal\u0131d\u0131r.<\/p>\n\n\n\n<h2 class=\"wp-block-heading\">\u00d6nemli Noktalar<\/h2>\n\n\n\n<ul class=\"wp-block-list\">\n<li><a href=\"https:\/\/grandgelgumi.com\/tr\/softgels-vs-tablets\/\">Takviye t\u00fcr\u00fcn\u00fcz\u00fc anlay\u0131n<\/a>. Kaps\u00fcl, toz ve s\u0131v\u0131 gibi farkl\u0131 formlar, kaliteyi ve g\u00fcvenli\u011fi korumak i\u00e7in \u00f6zel ambalajlara ihtiya\u00e7 duyar.<\/li>\n\n\n\n<li><a href=\"https:\/\/grandgelgumi.com\/tr\/softgel-encapsulation-machine-manufacturers\/\">Malzemeleri \u00f6zenle se\u00e7in<\/a>. Takviyeleri nem, \u0131\u015f\u0131k ve oksijenden korumak ve \u00fcr\u00fcn\u00fcn etkinli\u011fini sa\u011flamak i\u00e7in cam veya y\u00fcksek bariyerli plastikler kullan\u0131n.<\/li>\n\n\n\n<li>Kullan\u0131c\u0131 rahatl\u0131\u011f\u0131n\u0131 \u00f6n planda tutun. T\u00fcketici deneyimini iyile\u015ftirmek i\u00e7in a\u00e7\u0131lmas\u0131 kolay, tekrar kapat\u0131labilir ve ta\u015f\u0131nabilir ambalajlar se\u00e7in.<\/li>\n\n\n\n<li>G\u00fcvenlik \u00f6zelliklerini \u00fcr\u00fcnlere dahil edin. G\u00fcven olu\u015fturmak ve yasal d\u00fczenlemelere uymak i\u00e7in kurcalanma belirtisi g\u00f6steren m\u00fch\u00fcrler ve \u00e7ocuklar\u0131n a\u00e7amayaca\u011f\u0131 kapaklar kullan\u0131n.<\/li>\n\n\n\n<li>S\u00fcrd\u00fcr\u00fclebilirli\u011fi g\u00f6z \u00f6n\u00fcnde bulundurun. \u00c7evreye duyarl\u0131 t\u00fcketicilerin ilgisini \u00e7ekmek ve at\u0131k miktar\u0131n\u0131 azaltmak i\u00e7in \u00e7evre dostu ambalaj se\u00e7eneklerini tercih edin.<\/li>\n<\/ul>\n\n\n\n<h2 class=\"wp-block-heading\">Ambalaj Se\u00e7meden \u00d6nce Takviye T\u00fcr\u00fcn\u00fcz\u00fc De\u011ferlendirin<\/h2>\n\n\n\n<p class=\"wp-block-paragraph\">Do\u011fru ambalaj\u0131 se\u00e7mek, takviyenizin fiziksel ve kimyasal \u00f6zelliklerini anlamakla ba\u015flar. Kaps\u00fcller, tozlar, s\u0131v\u0131lar veya j\u00f6leli \u015fekerler gibi her takviye t\u00fcr\u00fc, g\u00fcvenlik, stabilite ve kullan\u0131c\u0131 rahatl\u0131\u011f\u0131 a\u00e7\u0131s\u0131ndan kendine \u00f6zg\u00fc gereksinimlere sahiptir. Hedef pazar ve ta\u015f\u0131nabilirlik de ambalaj se\u00e7imini etkiler.<\/p>\n\n\n\n<h3 class=\"wp-block-heading\">Kaps\u00fcller, Tabletler ve Yumu\u015fak Jel Kaps\u00fcller<\/h3>\n\n\n\n<p class=\"wp-block-paragraph\"><a href=\"https:\/\/grandgelgumi.com\/tr\/softgels-vs-tablets\/\">Kaps\u00fcller, tabletler ve yumu\u015fak jel kaps\u00fcller<\/a> takviye ambalajlar\u0131 aras\u0131nda en yayg\u0131n olan t\u00fcrlerdendir. Etkinliklerini korumak i\u00e7in nem, \u0131\u015f\u0131k ve havadan korunmalar\u0131 gerekir. A\u015fa\u011f\u0131daki tabloda \u00f6nerilen ambalaj \u00e7\u00f6z\u00fcmleri \u00f6zetlenmi\u015ftir:<\/p>\n\n\n\n<figure class=\"wp-block-table\"><table class=\"has-fixed-layout\"><tbody><tr><th>\u00dcr\u00fcn T\u00fcr\u00fc<\/th><th>\u00d6nerilen Ambalaj \u00c7\u00f6z\u00fcmleri<\/th><th>Temel \u00d6zellikler<\/th><\/tr><tr><td>Kaps\u00fcller<\/td><td>PVDC veya Alu-Alu astarl\u0131 blister ambalajlar, kurutucu i\u00e7eren \u015fi\u015feler<\/td><td>Neme duyarl\u0131 form\u00fclasyonlar\u0131 stabilize eder<\/td><\/tr><tr><td>Tabletler<\/td><td>Blister ambalajlar, \u015fi\u015feler<\/td><td>\u00c7ok y\u00f6nl\u00fc ve koruyucu<\/td><\/tr><tr><td>Yumu\u015fak kaps\u00fcller<\/td><td>Kurutucu i\u00e7eren kehribar renkli cam \u015fi\u015feler, y\u00fcksek bariyerli blister ambalajlar<\/td><td>Nem kayb\u0131n\u0131 \u00f6nler ve etkinli\u011fini korur<\/td><\/tr><\/tbody><\/table><\/figure>\n\n\n\n<div style=\"height:30px\" aria-hidden=\"true\" class=\"wp-block-spacer\"><\/div>\n\n\n\n<p class=\"wp-block-paragraph\">Blister ambalajlar tek doz korumas\u0131 ve a\u00e7\u0131lma belirtisi sa\u011flarken, \u015fi\u015feler ise t\u00fcketicilere tan\u0131d\u0131k gelir ve perakende sat\u0131\u015fa haz\u0131rd\u0131r. Yumu\u015fak jel kaps\u00fcller i\u00e7in ise kehribar rengi cam \u015fi\u015feler \u00fcst\u00fcn \u0131\u015f\u0131k korumas\u0131 sa\u011flar.<\/p>\n\n\n\n<h3 class=\"wp-block-heading\">Tozlar ve Gran\u00fcller<\/h3>\n\n\n\n<p class=\"wp-block-paragraph\">Tozlar ve gran\u00fcller, topaklanmay\u0131 \u00f6nleyen ve do\u011fru dozajlamay\u0131 sa\u011flayan ambalajlara ihtiya\u00e7 duyar. Fermuarl\u0131 po\u015fetler ve \u00e7ubuk ambalajlar, bu \u00fcr\u00fcnler i\u00e7in yayg\u0131n olarak kullan\u0131lan takviye ambalaj se\u00e7enekleridir. A\u015fa\u011f\u0131daki tabloda ba\u015fl\u0131ca zorluklar \u00f6zetlenmi\u015ftir:<\/p>\n\n\n\n<figure class=\"wp-block-table\"><table class=\"has-fixed-layout\"><tbody><tr><th>Zorluk<\/th><th>A\u00e7\u0131klama<\/th><\/tr><tr><td>Hassas dozajlama<\/td><td>Do\u011fru dozajlama, kalite ve mevzuata uygunluk a\u00e7\u0131s\u0131ndan hayati \u00f6nem ta\u015f\u0131r.<\/td><\/tr><tr><td>\u00dcr\u00fcn israf\u0131<\/td><td>Manuel doldurma i\u015flemi, 5-8% \u00fcr\u00fcn\u00fcnde israf\u0131na yol a\u00e7abilir.<\/td><\/tr><tr><td>Otomasyon ihtiya\u00e7lar\u0131<\/td><td>Otomasyon, tutarl\u0131l\u0131\u011f\u0131n korunmas\u0131na ve i\u015fg\u00fcc\u00fc eksikli\u011finin azalt\u0131lmas\u0131na yard\u0131mc\u0131 olur.<\/td><\/tr><\/tbody><\/table><\/figure>\n\n\n\n<div style=\"height:30px\" aria-hidden=\"true\" class=\"wp-block-spacer\"><\/div>\n\n\n\n<p class=\"wp-block-paragraph\">\u00c7ubuk ambalajlar ve po\u015fetler, hareket halindeki t\u00fcketiciler i\u00e7in kolayl\u0131k sa\u011flar ve \u00fcr\u00fcn israf\u0131n\u0131n azalt\u0131lmas\u0131na yard\u0131mc\u0131 olur.<\/p>\n\n\n\n<h3 class=\"wp-block-heading\">S\u0131v\u0131lar ve Ya\u011flar<\/h3>\n\n\n\n<p class=\"wp-block-paragraph\">S\u0131v\u0131 ve ya\u011f bazl\u0131 takviyeler, oksidasyona ve s\u0131z\u0131nt\u0131ya kar\u015f\u0131 hassast\u0131r. Cam \u015fi\u015feler, \u00f6zellikle koyu renkli veya kehribar rengi cam \u015fi\u015feler, oksijen ve \u0131\u015f\u0131\u011fa kar\u015f\u0131 y\u00fcksek bariyer \u00f6zellikleri nedeniyle tercih edilir. \u0130nd\u00fcksiyon contalar\u0131 veya k\u00f6p\u00fck astarlar gibi s\u0131zd\u0131rmaz contalar, nakliye s\u0131ras\u0131nda d\u00f6k\u00fclmeleri \u00f6nler. \u00c7ok katmanl\u0131 plastik kaplar da s\u0131v\u0131 takviyeler i\u00e7in g\u00fc\u00e7l\u00fc bir koruma sa\u011flar.<\/p>\n\n\n\n<blockquote class=\"wp-block-quote is-layout-flow wp-block-quote-is-layout-flow\">\n<p class=\"wp-block-paragraph\">\u0130pucu: S\u0131v\u0131 takviyelerin tazeli\u011fini korumak i\u00e7in daima oksijene, \u0131\u015f\u0131\u011fa ve neme kar\u015f\u0131 koruma sa\u011flayan ambalajlar\u0131 tercih edin.<\/p>\n<\/blockquote>\n\n\n\n<div style=\"height:30px\" aria-hidden=\"true\" class=\"wp-block-spacer\"><\/div>\n\n\n\n<h3 class=\"wp-block-heading\">Jelibonlar ve \u00c7i\u011fnenebilir \u0130la\u00e7lar<\/h3>\n\n\n\n<p class=\"wp-block-paragraph\">Jelibonlar ve \u00e7i\u011fnenebilir tabletler nemi kolayca emer; bu da topaklanmaya ve doku de\u011fi\u015fikliklerine neden olabilir. \u015ei\u015felerin i\u00e7indeki kurutucu paketler, nemi kontrol etmeye ve \u00fcr\u00fcn kalitesini korumaya yard\u0131mc\u0131 olur. \u00c7i\u011fnenebilir tabletlerdeki geli\u015fmi\u015f kaplama teknolojileri, stabiliteyi ve raf \u00f6mr\u00fcn\u00fc daha da art\u0131r\u0131r. Jelibonlardaki su i\u00e7eri\u011finin s\u0131n\u0131rland\u0131r\u0131lmas\u0131 da mikrobiyal \u00fcremeyi \u00f6nler.<\/p>\n\n\n\n<p class=\"wp-block-paragraph\">Ambalaj se\u00e7imini de\u011ferlendirirken, takviyenin formunu, t\u00fcketicilerin onu nas\u0131l kullanaca\u011f\u0131n\u0131 ve ta\u015f\u0131nabilirlik ihtiyac\u0131n\u0131 g\u00f6z \u00f6n\u00fcnde bulundurun. Bu yakla\u015f\u0131m, hem \u00fcr\u00fcn b\u00fct\u00fcnl\u00fc\u011f\u00fcn\u00fc hem de m\u00fc\u015fteri memnuniyetini garanti eder.<\/p>\n\n\n\n<h2 class=\"wp-block-heading\">Takviye \u00dcr\u00fcnleri Ambalaj Se\u00e7enekleri ve Malzemeleri<\/h2>\n\n\n\n<figure class=\"wp-block-image\"><img decoding=\"async\" width=\"1200\" height=\"675\" src=\"https:\/\/grandgelgumi.com\/wp-content\/uploads\/2026\/07\/c81464d0c27242aa93c1114f028515c5.webp\" alt=\"Takviye \u00dcr\u00fcnleri Ambalaj Se\u00e7enekleri ve Malzemeleri\" class=\"wp-image-3086\" title=\"\" srcset=\"https:\/\/grandgelgumi.com\/wp-content\/uploads\/2026\/07\/c81464d0c27242aa93c1114f028515c5.webp 1200w, https:\/\/grandgelgumi.com\/wp-content\/uploads\/2026\/07\/c81464d0c27242aa93c1114f028515c5-600x338.webp 600w, https:\/\/grandgelgumi.com\/wp-content\/uploads\/2026\/07\/c81464d0c27242aa93c1114f028515c5-500x281.webp 500w, https:\/\/grandgelgumi.com\/wp-content\/uploads\/2026\/07\/c81464d0c27242aa93c1114f028515c5-300x169.webp 300w, https:\/\/grandgelgumi.com\/wp-content\/uploads\/2026\/07\/c81464d0c27242aa93c1114f028515c5-1024x576.webp 1024w, https:\/\/grandgelgumi.com\/wp-content\/uploads\/2026\/07\/c81464d0c27242aa93c1114f028515c5-768x432.webp 768w, https:\/\/grandgelgumi.com\/wp-content\/uploads\/2026\/07\/c81464d0c27242aa93c1114f028515c5-80x45.webp 80w\" sizes=\"(max-width: 1200px) 100vw, 1200px\" \/><\/figure>\n\n\n\n<div style=\"height:30px\" aria-hidden=\"true\" class=\"wp-block-spacer\"><\/div>\n\n\n\n<p class=\"wp-block-paragraph\">Takviyeler i\u00e7in do\u011fru ambalaj\u0131 se\u00e7mek, mevcut ambalaj \u00e7\u00f6z\u00fcmlerini ve malzemelerini anlamaya ba\u011fl\u0131d\u0131r. Her se\u00e7enek, \u00fcr\u00fcn\u00fcn korunmas\u0131, g\u00fcvenli\u011fi, mevzuata uygunluk ve kullan\u0131c\u0131 rahatl\u0131\u011f\u0131 a\u00e7\u0131s\u0131ndan kendine \u00f6zg\u00fc avantajlar sunar. A\u015fa\u011f\u0131da, en yayg\u0131n takviye ambalaj t\u00fcrleri ve \u00f6zellikleri hakk\u0131nda genel bir bak\u0131\u015f bulabilirsiniz.<\/p>\n\n\n\n<h3 class=\"wp-block-heading\">\u015ei\u015feler ve Kavanozlar<\/h3>\n\n\n\n<p class=\"wp-block-paragraph\">Besin takviyesi ambalaj pazar\u0131nda \u015fi\u015feler ve kavanozlar ba\u015f\u0131 \u00e7ekmektedir. 2026 y\u0131l\u0131nda \u015fi\u015felerin pazarda %\u2019lik bir paya sahip olaca\u011f\u0131 tahmin edilmektedir. Bu takviye ambalajlar\u0131, kaps\u00fcller i\u00e7in yayg\u0131n olarak kullan\u0131lmaktad\u0131r, <a href=\"https:\/\/grandgelgumi.com\/tr\/rotary-tablet-press-machine\/\">tabletler<\/a>, yumu\u015fak kaps\u00fcller, tozlar ve s\u0131v\u0131lar. HDPE ve PET gibi plastik \u015fi\u015feler, iyi bir nem bariyeri sa\u011flar ve hafiftir. Cam \u015fi\u015feler ise nem ve oksijene kar\u015f\u0131 \u00fcst\u00fcn bir bariyer korumas\u0131 sunarak, y\u00fcksek kaliteli besin takviyesi ambalajlar\u0131 i\u00e7in ideal bir se\u00e7enek olu\u015fturur.<\/p>\n\n\n\n<p class=\"wp-block-paragraph\"><strong>Art\u0131lar\u0131:<\/strong><\/p>\n\n\n\n<ul class=\"wp-block-list\">\n<li>Tan\u0131d\u0131k ve kullan\u0131m\u0131 kolay<\/li>\n\n\n\n<li>Toplu ve tek porsiyonluk \u00fcr\u00fcnler i\u00e7in uygundur<\/li>\n\n\n\n<li>\u00c7e\u015fitli boyut ve \u015fekillerde mevcuttur<\/li>\n\n\n\n<li>\u00c7ocuklar\u0131n a\u00e7amayaca\u011f\u0131 kapaklar ve a\u00e7\u0131lma izi b\u0131rakan m\u00fch\u00fcrler i\u00e7erebilir<\/li>\n<\/ul>\n\n\n\n<p class=\"wp-block-paragraph\"><strong>Eksileri:<\/strong><\/p>\n\n\n\n<ul class=\"wp-block-list\">\n<li>Toplu da\u011f\u0131t\u0131m, kontaminasyona yol a\u00e7abilir<\/li>\n\n\n\n<li>Tek dozluk se\u00e7eneklere k\u0131yasla \u00fcr\u00fcn stabilitesini korumada daha az etkilidir<\/li>\n<\/ul>\n\n\n\n<blockquote class=\"wp-block-quote is-layout-flow wp-block-quote-is-layout-flow\">\n<p class=\"wp-block-paragraph\">Not: Kehribar rengi cam \u015fi\u015feler, takviyeleri zararl\u0131 \u0131\u015f\u0131kten koruyarak raf \u00f6mr\u00fcn\u00fcn uzamas\u0131n\u0131 ve \u00fcr\u00fcn\u00fcn kalitesinin korunmas\u0131n\u0131 sa\u011flar.<\/p>\n<\/blockquote>\n\n\n\n<div style=\"height:30px\" aria-hidden=\"true\" class=\"wp-block-spacer\"><\/div>\n\n\n\n<h3 class=\"wp-block-heading\">Blister Ambalajlar<\/h3>\n\n\n\n<p class=\"wp-block-paragraph\">Blister ambalajlar, kaps\u00fcller ve tabletler i\u00e7in yayg\u0131n olarak kullan\u0131lan bir besin takviyesi ambalajlama \u00e7\u00f6z\u00fcm\u00fcd\u00fcr. Tek tek dozlar\u0131 korur ve hijyenin sa\u011flanmas\u0131na yard\u0131mc\u0131 olur. Blister ambalajlar ayr\u0131ca g\u00fcvenli\u011fi ve tedaviye uyumu art\u0131r\u0131r.<\/p>\n\n\n\n<figure class=\"wp-block-table\"><table class=\"has-fixed-layout\"><tbody><tr><th>\u00d6zellik<\/th><th>Blister Ambalajlar<\/th><th>Di\u011fer Ambalaj T\u00fcrleri (\u00f6rn. \u015ei\u015feler)<\/th><\/tr><tr><td>\u00c7ocuklara Kar\u015f\u0131 G\u00fcvenlik<\/td><td>Tasar\u0131m\u0131 sayesinde \u00e7ocuklar\u0131n a\u00e7mas\u0131na kar\u015f\u0131 daha dayan\u0131kl\u0131<\/td><td>\u00c7ocuklar taraf\u0131ndan a\u00e7\u0131lmas\u0131 daha kolay<\/td><\/tr><tr><td>Dozaj Ge\u00e7mi\u015finin G\u00f6rselle\u015ftirilmesi<\/td><td>Takvime g\u00f6re d\u00fczenlenmi\u015f paketler bir anl\u0131k g\u00f6r\u00fcnt\u00fc sunar<\/td><td>G\u00f6rsel izleme yok<\/td><\/tr><tr><td>Da\u011f\u0131t\u0131m Hatalar\u0131<\/td><td>Hata pay\u0131n\u0131 azalt\u0131r<\/td><td>Hata riskinin daha y\u00fcksek olmas\u0131<\/td><\/tr><tr><td>Hijyen<\/td><td>Tek kullan\u0131ml\u0131k dozlar hijyeni art\u0131r\u0131r<\/td><td>Toplu da\u011f\u0131t\u0131m, kontaminasyona yol a\u00e7abilir<\/td><\/tr><\/tbody><\/table><\/figure>\n\n\n\n<div style=\"height:30px\" aria-hidden=\"true\" class=\"wp-block-spacer\"><\/div>\n\n\n\n<p class=\"wp-block-paragraph\">Blister ambalajlar, \u00fcr\u00fcn\u00fcn stabilitesini korumak ve dozlama hatalar\u0131n\u0131 azaltmak a\u00e7\u0131s\u0131ndan idealdir. Ayr\u0131ca t\u00fcketicilerin dozaj ge\u00e7mi\u015flerini takip etmelerine yard\u0131mc\u0131 olurlar; bu da tedaviye uyum a\u00e7\u0131s\u0131ndan \u00f6nemlidir.<\/p>\n\n\n\n<h3 class=\"wp-block-heading\">Torbalar, po\u015fetler ve \u00e7ubuk ambalajlar<\/h3>\n\n\n\n<p class=\"wp-block-paragraph\">Torbalar, po\u015fetler ve \u00e7ubuk ambalajlar, \u00f6zellikle tozlar, gran\u00fcller ve tek kullan\u0131ml\u0131k \u00fcr\u00fcnler i\u00e7in besin takviyesi ambalajlamas\u0131nda giderek daha pop\u00fcler hale geliyor. Bu ambalaj \u00e7\u00f6z\u00fcmleri, kullan\u0131m kolayl\u0131\u011f\u0131 ve porsiyon kontrol\u00fc sa\u011fl\u0131yor.<\/p>\n\n\n\n<figure class=\"wp-block-table\"><table class=\"has-fixed-layout\"><tbody><tr><th>Avantaj<\/th><th>A\u00e7\u0131klama<\/th><\/tr><tr><td>Kullan\u0131m kolayl\u0131\u011f\u0131<\/td><td>Hareket halindeyken t\u00fcketime ideal olup, yo\u011fun ya\u015fam tarzlar\u0131na uygundur.<\/td><\/tr><tr><td>Porsiyon Kontrol\u00fc<\/td><td>Kullan\u0131m\u0131 d\u00fczenlemeye yard\u0131mc\u0131 olur ve israf\u0131 azalt\u0131r; bu da sa\u011fl\u0131\u011f\u0131na \u00f6zen g\u00f6steren t\u00fcketicilerin ilgisini \u00e7eker.<\/td><\/tr><tr><td>Maliyet-Etkinlik<\/td><td>Daha b\u00fcy\u00fck ambalajlara k\u0131yasla daha uygun fiyatl\u0131d\u0131r; bu da \u00fcretim ve nakliye maliyetlerini d\u00fc\u015f\u00fcr\u00fcr.<\/td><\/tr><tr><td>Koruma<\/td><td>\u00dcr\u00fcnleri nem, \u0131\u015f\u0131k ve havadan koruyarak tazeli\u011fini korur ve raf \u00f6mr\u00fcn\u00fc uzat\u0131r.<\/td><\/tr><tr><td>\u00c7evre Dostu Se\u00e7enekler<\/td><td>Geri d\u00f6n\u00fc\u015ft\u00fcr\u00fclebilir ve PCR malzemelerden \u00fcretilmekte olup, s\u00fcrd\u00fcr\u00fclebilir ambalajlara y\u00f6nelik t\u00fcketici talebini kar\u015f\u0131lamaktad\u0131r.<\/td><\/tr><\/tbody><\/table><\/figure>\n\n\n\n<div style=\"height:30px\" aria-hidden=\"true\" class=\"wp-block-spacer\"><\/div>\n\n\n\n<p class=\"wp-block-paragraph\">Po\u015fetler ve \u00e7ubuk ambalajlar, yo\u011fun ya\u015fam tarzlar\u0131 i\u00e7in idealdir. Takviyelerin h\u0131zl\u0131 ve kolay bir \u015fekilde t\u00fcketilmesini sa\u011flarlar. Markalar, m\u00fc\u015fterilerin sat\u0131n almadan \u00f6nce \u00fcr\u00fcnleri denemelerine olanak tan\u0131yan numune boyutlar\u0131 sunmak i\u00e7in bu formatlar\u0131 kullan\u0131r. Dik duran po\u015fetler, \u00e7ok katmanl\u0131 yap\u0131s\u0131 sayesinde m\u00fckemmel bariyer korumas\u0131 sa\u011flayarak etkili takviye ambalajlamas\u0131na katk\u0131da bulunur.<\/p>\n\n\n\n<h3 class=\"wp-block-heading\">\u00d6zel ve \u0130htiyaca Uygun Ambalajlama<\/h3>\n\n\n\n<p class=\"wp-block-paragraph\">\u00d6zel ve ki\u015fiye \u00f6zel ambalaj \u00e7\u00f6z\u00fcmleri, takviye sekt\u00f6r\u00fcndeki benzersiz ihtiya\u00e7lar\u0131 kar\u015f\u0131lar. Bu se\u00e7enekler aras\u0131nda \u00e7ift s\u0131v\u0131 dolgulu po\u015fetler, numune po\u015fetleri ve \u00f6zel kutular yer al\u0131r. Bunlar vitaminler, g\u00fczellik \u00fcr\u00fcnleri, ki\u015fisel bak\u0131m \u00fcr\u00fcnleri ve end\u00fcstriyel uygulamalar i\u00e7in kullan\u0131l\u0131r.<\/p>\n\n\n\n<figure class=\"wp-block-table\"><table class=\"has-fixed-layout\"><tbody><tr><th>Ambalaj T\u00fcr\u00fc<\/th><th>A\u00e7\u0131klama<\/th><\/tr><tr><td>\u0130kili ve \u00dc\u00e7l\u00fc S\u0131v\u0131 Dolgulu Torbalar<\/td><td>\u00c7e\u015fitli viskozitelerdeki s\u0131v\u0131lar\u0131 bar\u0131nd\u0131rabilir; \u00f6zel ihtiya\u00e7lara g\u00f6re uyarlanm\u0131\u015ft\u0131r.<\/td><\/tr><tr><td>\u00c7ift Havlu Dolgulu Torbalar<\/td><td>Islak mendiller ve ki\u015fisel bak\u0131m \u00fcr\u00fcnleri i\u00e7in \u00f6zel po\u015fet ambalajlar.<\/td><\/tr><tr><td>\u0130\u00e7inde S\u00fcnger Bulunan Torbalar<\/td><td>S\u00fcngerler ve temizlik malzemeleri i\u00e7in tasarlanm\u0131\u015f \u00f6zel po\u015fetler.<\/td><\/tr><tr><td>\u00d6rnek Po\u015fet Ambalaj\u0131<\/td><td>Vitamin ve g\u00fczellik \u00fcr\u00fcnlerinin pazarlanmas\u0131 i\u00e7in idealdir; genellikle abonelik kutular\u0131nda kullan\u0131l\u0131r.<\/td><\/tr><tr><td>Sa\u011fl\u0131k ve G\u00fczellik<\/td><td>Genellikle kozmetik, cilt bak\u0131m\u0131 ve sa\u00e7 bak\u0131m\u0131 \u00fcr\u00fcnlerinde kullan\u0131l\u0131r.<\/td><\/tr><tr><td>Ki\u015fisel Bak\u0131m ve Nutras\u00f6tikler<\/td><td>Bebek \u00fcr\u00fcnleri ve \u00f6nceden porsiyonlanm\u0131\u015f besin takviyeleri i\u00e7in uygundur.<\/td><\/tr><tr><td>Ev \u00dcr\u00fcnleri<\/td><td>Mendillerin ve temizlik \u00fcr\u00fcnlerinin dezenfekte edilmesinde kullan\u0131l\u0131r.<\/td><\/tr><tr><td>End\u00fcstriyel Uygulamalar<\/td><td>Tek kullan\u0131ml\u0131k ambalajlarda bulunan ya\u011flay\u0131c\u0131lar ve alet mendilleri i\u00e7in \u00e7ok y\u00f6nl\u00fcd\u00fcr.<\/td><\/tr><\/tbody><\/table><\/figure>\n\n\n\n<div style=\"height:30px\" aria-hidden=\"true\" class=\"wp-block-spacer\"><\/div>\n\n\n\n<p class=\"wp-block-paragraph\">\u00d6zel takviye ambalajlar\u0131 aras\u0131nda benzersiz \u015fekiller, markal\u0131 kutular ve yukar\u0131dan a\u00e7\u0131lan tasar\u0131mlar yer alabilir. Bu ambalaj \u00e7\u00f6z\u00fcmleri, markalar\u0131n \u00f6ne \u00e7\u0131kmas\u0131na ve belirli \u00fcr\u00fcn gereksinimlerini kar\u015f\u0131lamas\u0131na yard\u0131mc\u0131 olur.<\/p>\n\n\n\n<h3 class=\"wp-block-heading\">Malzeme Se\u00e7imi ve Koruma<\/h3>\n\n\n\n<p class=\"wp-block-paragraph\">Takviye \u00fcr\u00fcnlerinin ambalajlanmas\u0131 i\u00e7in do\u011fru ambalaj malzemesinin se\u00e7ilmesi b\u00fcy\u00fck \u00f6nem ta\u015f\u0131r. Plastik, cam, folyo ve lamine filmler gibi malzemeler farkl\u0131 d\u00fczeylerde bariyer korumas\u0131 sa\u011flar.<\/p>\n\n\n\n<ul class=\"wp-block-list\">\n<li>HDPE \u015fi\u015feler m\u00fckemmel nem bariyeri sa\u011flar, ancak oksijen korumas\u0131 s\u0131n\u0131rl\u0131d\u0131r.<\/li>\n\n\n\n<li>PET \u015fi\u015feler \u015feffaft\u0131r ve \u00fcr\u00fcnleri \u00f6n plana \u00e7\u0131kar\u0131r; ayr\u0131ca iyi bariyer \u00f6zellikleri sunar.<\/li>\n\n\n\n<li>Cam \u015fi\u015feler, neme ve oksijene kar\u015f\u0131 \u00fcst\u00fcn koruma sa\u011flar; bu da onlar\u0131 birinci s\u0131n\u0131f besin takviyesi ambalajlar\u0131 i\u00e7in ideal k\u0131lar.<\/li>\n\n\n\n<li>UV \u0131\u015f\u0131nlar\u0131na dayan\u0131kl\u0131 \u015fi\u015feler, takviyeleri zararl\u0131 \u0131\u015f\u0131nlardan korur.<\/li>\n\n\n\n<li>Dik duran po\u015fetler, nem, \u0131\u015f\u0131k ve havaya kar\u015f\u0131 koruma sa\u011flamak i\u00e7in \u00e7ok katmanl\u0131 bir yap\u0131ya sahiptir.<\/li>\n\n\n\n<li>Blister ambalajlar, neme duyarl\u0131 \u00fcr\u00fcnler i\u00e7in tek tek doz korumas\u0131n\u0131 ve daha uzun raf \u00f6mr\u00fcn\u00fc garanti eder.<\/li>\n\n\n\n<li>Havas\u0131z pompalar havayla temas\u0131 s\u0131n\u0131rlayarak oksidasyonu \u00f6nler.<\/li>\n<\/ul>\n\n\n\n<blockquote class=\"wp-block-quote is-layout-flow wp-block-quote-is-layout-flow\">\n<p class=\"wp-block-paragraph\">\u0130pucu: Ambalaj malzemesini her zaman takviyenin nem, \u0131\u015f\u0131k ve oksijene kar\u015f\u0131 hassasiyetine uygun se\u00e7in. Bu yakla\u015f\u0131m, takviyenin etkili bir \u015fekilde paketlenmesini ve \u00fcr\u00fcn\u00fcn korunmas\u0131n\u0131 sa\u011flar.<\/p>\n<\/blockquote>\n\n\n\n<div style=\"height:30px\" aria-hidden=\"true\" class=\"wp-block-spacer\"><\/div>\n\n\n\n<p class=\"wp-block-paragraph\">Takviyeler i\u00e7in do\u011fru ambalaj\u0131 se\u00e7mek, koruma, mevzuata uygunluk, kullan\u0131c\u0131 rahatl\u0131\u011f\u0131 ve markala\u015fma unsurlar\u0131 aras\u0131nda bir denge kurmay\u0131 gerektirir. Takviye ambalajlar\u0131, yasal standartlara ve t\u00fcketici beklentilerine uymal\u0131d\u0131r. Geri d\u00f6n\u00fc\u015ft\u00fcr\u00fclebilir po\u015fetler ve PCR malzemeleri gibi s\u00fcrd\u00fcr\u00fclebilir takviye ambalaj se\u00e7enekleri, hem markalar hem de m\u00fc\u015fteriler i\u00e7in giderek daha \u00f6nemli hale gelmektedir.<\/p>\n\n\n\n<h2 class=\"wp-block-heading\">Takviyeler \u0130\u00e7in Do\u011fru Ambalajlaman\u0131n Temel \u00d6zellikleri<\/h2>\n\n\n\n<p class=\"wp-block-paragraph\">En iyisini se\u00e7mek <a href=\"https:\/\/grandgelgumi.com\/tr\/softgel-encapsulation-machine-manufacturers\/\">takviye \u00fcr\u00fcnleri i\u00e7in ambalajlar<\/a> Bu konuda dikkate al\u0131nmas\u0131 gereken birka\u00e7 \u00f6nemli husus vard\u0131r. G\u00fcvenlik, mevzuata uygunluk, raf \u00f6mr\u00fc ve kullan\u0131c\u0131 deneyimi, hem \u00fcr\u00fcn\u00fcn hem de t\u00fcketicinin korunmas\u0131nda \u00f6nemli bir rol oynar. Her bir \u00f6zellik, takviye ambalajlar\u0131n\u0131n genel i\u015flevselli\u011fini destekler ve markalar\u0131n rekabet\u00e7i bir pazarda farkl\u0131la\u015fmas\u0131na yard\u0131mc\u0131 olur.<\/p>\n\n\n\n<h3 class=\"wp-block-heading\">G\u00fcvenlik ve Kurcalama Kan\u0131t\u0131<\/h3>\n\n\n\n<p class=\"wp-block-paragraph\">G\u00fcvenlik, besin takviyesi ambalajlar\u0131nda en \u00f6nemli \u00f6nceliktir. Sahtecili\u011fe kar\u015f\u0131 koruma \u00f6zellikleri t\u00fcketicileri korur ve g\u00fcven olu\u015fturur. Ambalaj teknolojileri, sahtecilik durumunda g\u00f6zle g\u00f6r\u00fcl\u00fcr kan\u0131tlar sunmak \u00fczere kat\u0131 gereklilikleri kar\u015f\u0131lamal\u0131d\u0131r. A\u015fa\u011f\u0131daki tabloda yayg\u0131n olarak kullan\u0131lan sahtecili\u011fe kar\u015f\u0131 koruma \u00f6zellikli ambalajlar ve bunlara ili\u015fkin gereklilikler \u00f6zetlenmi\u015ftir:<\/p>\n\n\n\n<figure class=\"wp-block-table\"><table class=\"has-fixed-layout\"><tbody><tr><th>Ambalaj Teknolojisi<\/th><th>Gereksinimler<\/th><\/tr><tr><td>Film Ambalajlar\u0131<\/td><td>\u00dczerinde kurcalanma izleri a\u00e7\u0131k\u00e7a g\u00f6r\u00fclmelidir; bu izler olmadan yeniden m\u00fch\u00fcrlenemez.<\/td><\/tr><tr><td>Blister veya \u015eerit Ambalajlar<\/td><td>Her bir b\u00f6lme, a\u00e7\u0131lm\u0131\u015fsa \u00fczerinde kurcalanma izleri ta\u015f\u0131mal\u0131d\u0131r.<\/td><\/tr><tr><td>Kabarc\u0131k Paketleri<\/td><td>\u00dcr\u00fcne ula\u015fmak i\u00e7in ambalaj\u0131n y\u0131rt\u0131lmas\u0131 gerekir; iz b\u0131rakmadan yeniden kapat\u0131lamaz.<\/td><\/tr><tr><td>Is\u0131yla Daralan Bantlar veya Sarg\u0131lar<\/td><td>\u00c7\u0131kar\u0131ld\u0131\u011f\u0131nda g\u00f6zle g\u00f6r\u00fcl\u00fcr bir hasar olu\u015fmal\u0131d\u0131r; kolayca yeniden tak\u0131lmamal\u0131d\u0131r.<\/td><\/tr><tr><td>Folyo, Ka\u011f\u0131t veya Plastik Torbalar<\/td><td>\u00dcr\u00fcne eri\u015fmek i\u00e7in ambalaj\u0131n y\u0131rt\u0131lmas\u0131 gerekir; yeniden kapat\u0131ld\u0131\u011f\u0131nda \u00fczerinde a\u00e7\u0131lma izi g\u00f6r\u00fclmelidir.<\/td><\/tr><tr><td>Konteyner A\u011fz\u0131 \u0130\u00e7 Contalar\u0131<\/td><td>\u00c7\u0131kar\u0131ld\u0131\u011f\u0131nda \u00fczerinde kurcalanma izleri g\u00f6r\u00fclmelidir; kolayca yeniden yap\u0131\u015ft\u0131r\u0131lmamal\u0131d\u0131r.<\/td><\/tr><tr><td>Bantl\u0131 M\u00fch\u00fcrler<\/td><td>Tahrifat\u0131 g\u00f6steren \u00f6zelliklere sahip olmal\u0131; iz b\u0131rakmadan kolayca yeniden uygulanamamal\u0131d\u0131r.<\/td><\/tr><\/tbody><\/table><\/figure>\n\n\n\n<div style=\"height:30px\" aria-hidden=\"true\" class=\"wp-block-spacer\"><\/div>\n\n\n\n<p class=\"wp-block-paragraph\">Yayg\u0131n olarak kullan\u0131lan sahtecili\u011fe kar\u015f\u0131 koruma \u00f6zellikleri aras\u0131nda b\u00fcz\u00fc\u015fen bantlar, kopar\u0131labilir kapaklar, folyo m\u00fch\u00fcrler, blister ambalajlar ve delikli m\u00fch\u00fcrler say\u0131labilir. Bu \u00f6nlemler, takviye \u00fcr\u00fcnlerinin ambalajlar\u0131n\u0131n \u00fcretim a\u015famas\u0131ndan t\u00fcketici kullan\u0131m\u0131na kadar g\u00fcvenli kalmas\u0131n\u0131 sa\u011flar.<\/p>\n\n\n\n<h3 class=\"wp-block-heading\">Uyum ve Etiketleme<\/h3>\n\n\n\n<p class=\"wp-block-paragraph\">Takviye \u00fcr\u00fcnlerinin ambalajlamas\u0131nda yasal d\u00fczenlemelere uyum hayati \u00f6nem ta\u015f\u0131r. T\u00fcketici g\u00fcvenli\u011fini ve \u00fcr\u00fcn \u015feffafl\u0131\u011f\u0131n\u0131 sa\u011flamak i\u00e7in etiketler, FDA ve di\u011fer yasal standartlara uymak zorundad\u0131r. A\u015fa\u011f\u0131daki tabloda temel etiketleme gereklilikleri \u00f6zetlenmi\u015ftir:<\/p>\n\n\n\n<figure class=\"wp-block-table\"><table class=\"has-fixed-layout\"><tbody><tr><th>Gereksinim T\u00fcr\u00fc<\/th><th>A\u00e7\u0131klama<\/th><\/tr><tr><td>Ba\u015fl\u0131k ve \u0130nce \u00c7izgiler<\/td><td>\u2018Besin De\u011ferleri\u2019 ba\u015fl\u0131\u011f\u0131, kal\u0131n yaz\u0131lmal\u0131 ve di\u011fer metinden daha b\u00fcy\u00fck olmal\u0131; ince \u00e7izgilerle \u00e7evrili bir kutu i\u00e7inde yer almal\u0131d\u0131r.<\/td><\/tr><tr><td>Yaz\u0131 Tipi ve Stil<\/td><td>Beyaz veya n\u00f6tr bir arka plan \u00fczerinde siyah metin i\u00e7eren, tek ve okunmas\u0131 kolay bir yaz\u0131 stili kullan\u0131n.<\/td><\/tr><tr><td>Yaz\u0131 Boyutu<\/td><td>Genel metin 8 punkttan daha k\u00fc\u00e7\u00fck olmamal\u0131d\u0131r; ba\u015fl\u0131klar ise 6 punkt olabilir.<\/td><\/tr><tr><td>Bo\u015fluk ve Okunabilirlik<\/td><td>En az bir punto bo\u015fluk b\u0131rak\u0131n ve harflerin birbirine de\u011fmemesine dikkat edin.<\/td><\/tr><tr><td>Toplu Etiketler<\/td><td>Birden fazla paketten olu\u015fan \u00fcr\u00fcnlerde, bilgiler ayr\u0131 s\u00fctunlarda ya da toplu bir bi\u00e7imde listelenebilir.<\/td><\/tr><\/tbody><\/table><\/figure>\n\n\n\n<div style=\"height:30px\" aria-hidden=\"true\" class=\"wp-block-spacer\"><\/div>\n\n\n\n<p class=\"wp-block-paragraph\">Bu hususlar, markalar\u0131n hukuki sorunlardan ka\u00e7\u0131nmas\u0131na yard\u0131mc\u0131 olur ve net, profesyonel bir sunum yoluyla marka farkl\u0131la\u015fmas\u0131n\u0131 destekler.<\/p>\n\n\n\n<h3 class=\"wp-block-heading\">Raf \u00d6mr\u00fc ve \u00dcr\u00fcn B\u00fct\u00fcnl\u00fc\u011f\u00fc<\/h3>\n\n\n\n<p class=\"wp-block-paragraph\">Ambalaj, besin takviyesi ambalajlar\u0131n\u0131n raf \u00f6mr\u00fcn\u00fc ve b\u00fct\u00fcnl\u00fc\u011f\u00fcn\u00fc korumada hayati bir rol oynar. Uygun ambalajlama, takviyeleri nem, oksijen, \u0131\u015f\u0131k ve \u0131s\u0131dan korur. Bu \u00e7evresel fakt\u00f6rler, zamanla \u00fcr\u00fcn\u00fcn kalitesini bozabilir. Takviye ambalajlar\u0131, sa\u011flam bariyerler olu\u015fturarak raf \u00f6mr\u00fcn\u00fc uzat\u0131r ve \u00fcr\u00fcn\u00fcn etkinli\u011fini korur. Bu i\u015flevsellik, hem t\u00fcketici g\u00fcvenli\u011fi hem de \u00fcr\u00fcn\u00fcn etkinli\u011fi a\u00e7\u0131s\u0131ndan hayati \u00f6nem ta\u015f\u0131r.<\/p>\n\n\n\n<h3 class=\"wp-block-heading\">Kullan\u0131c\u0131 Deneyimi ve Ta\u015f\u0131nabilirlik<\/h3>\n\n\n\n<p class=\"wp-block-paragraph\">Kullan\u0131c\u0131 deneyimi ve ta\u015f\u0131nabilirlik, aktif t\u00fcketiciler i\u00e7in \u00f6nemli hususlard\u0131r. Ambalaj, kolay eri\u015fim, g\u00fcvenli saklama ve kullan\u0131\u015fl\u0131l\u0131k sa\u011flamal\u0131d\u0131r. \u0130\u015flevselli\u011fi art\u0131ran \u00f6zellikler \u015funlard\u0131r:<\/p>\n\n\n\n<ul class=\"wp-block-list\">\n<li>S\u0131cakl\u0131k, oksijen ve neme kar\u015f\u0131 koruma sa\u011flayan y\u00fcksek bariyerli malzemeler<\/li>\n\n\n\n<li>G\u00fcvenlik ve kullan\u0131m kolayl\u0131\u011f\u0131 i\u00e7in yeniden kapat\u0131labilir ve \u00e7ocuklar\u0131n a\u00e7amayaca\u011f\u0131 fermuarlar<\/li>\n\n\n\n<li>H\u0131zl\u0131 eri\u015fim i\u00e7in tek kullan\u0131ml\u0131k, kolayca y\u0131rt\u0131labilen paketler<\/li>\n\n\n\n<li>\u00dcr\u00fcn kayb\u0131n\u0131 \u00f6nleyen s\u0131zd\u0131rmazl\u0131k \u00f6zelli\u011fi<\/li>\n\n\n\n<li>Tazeli\u011fi ve etkinli\u011fi korumak i\u00e7in yeniden kapat\u0131labilir kapaklar<\/li>\n\n\n\n<li>Kolay eri\u015fim i\u00e7in y\u0131rtma \u00e7entikleri<\/li>\n<\/ul>\n\n\n\n<p class=\"wp-block-paragraph\">Bu hususlar, takviye \u00fcr\u00fcnlerinin ambalajlar\u0131n\u0131 g\u00fcnl\u00fck kullan\u0131m ve seyahat i\u00e7in daha pratik hale getirir. Ayr\u0131ca, modern t\u00fcketicilerin ihtiya\u00e7lar\u0131n\u0131 kar\u015f\u0131layarak markalar\u0131n farkl\u0131la\u015fmas\u0131na da katk\u0131da bulunurlar.<\/p>\n\n\n\n<h2 class=\"wp-block-heading\">Markala\u015fma, S\u00fcrd\u00fcr\u00fclebilirlik ve Maliyet<\/h2>\n\n\n\n<figure class=\"wp-block-image\"><img decoding=\"async\" width=\"1200\" height=\"675\" src=\"https:\/\/grandgelgumi.com\/wp-content\/uploads\/2026\/07\/c9c5a7a1348844b3a85e649b9323bc56.webp\" alt=\"Markala\u015fma, S\u00fcrd\u00fcr\u00fclebilirlik ve Maliyet\" class=\"wp-image-3084\" title=\"\" srcset=\"https:\/\/grandgelgumi.com\/wp-content\/uploads\/2026\/07\/c9c5a7a1348844b3a85e649b9323bc56.webp 1200w, https:\/\/grandgelgumi.com\/wp-content\/uploads\/2026\/07\/c9c5a7a1348844b3a85e649b9323bc56-600x338.webp 600w, https:\/\/grandgelgumi.com\/wp-content\/uploads\/2026\/07\/c9c5a7a1348844b3a85e649b9323bc56-500x281.webp 500w, https:\/\/grandgelgumi.com\/wp-content\/uploads\/2026\/07\/c9c5a7a1348844b3a85e649b9323bc56-300x169.webp 300w, https:\/\/grandgelgumi.com\/wp-content\/uploads\/2026\/07\/c9c5a7a1348844b3a85e649b9323bc56-1024x576.webp 1024w, https:\/\/grandgelgumi.com\/wp-content\/uploads\/2026\/07\/c9c5a7a1348844b3a85e649b9323bc56-768x432.webp 768w, https:\/\/grandgelgumi.com\/wp-content\/uploads\/2026\/07\/c9c5a7a1348844b3a85e649b9323bc56-80x45.webp 80w\" sizes=\"(max-width: 1200px) 100vw, 1200px\" \/><\/figure>\n\n\n\n<div style=\"height:30px\" aria-hidden=\"true\" class=\"wp-block-spacer\"><\/div>\n\n\n\n<h3 class=\"wp-block-heading\">Markala\u015fma ve Raf \u00c7ekicili\u011fi<\/h3>\n\n\n\n<p class=\"wp-block-paragraph\">Besin takviyeleri i\u00e7in ambalajlama, \u015fu konuda kilit bir rol oynar: <a href=\"https:\/\/grandgelgumi.com\/tr\/bloglar\/\">marka bilinirli\u011fi ve t\u00fcketici g\u00fcveni<\/a>. Etkili bir ambalaj tasar\u0131m\u0131, g\u00fc\u00e7l\u00fc bir ilk izlenim yarat\u0131r ve \u00fcr\u00fcn kalitesini yans\u0131t\u0131r. Net etiketleme ve dikkat \u00e7ekici grafikler, markalar\u0131n raflarda \u00f6ne \u00e7\u0131kmas\u0131na yard\u0131mc\u0131 olur. T\u00fcketiciler, genellikle etiketi okumadan \u00f6nce takviye \u00fcr\u00fcnlerini ambalajlar\u0131na g\u00f6re de\u011ferlendirir. S\u00fcrd\u00fcr\u00fclebilir ambalajlar ise, bir markan\u0131n kaliteye ve \u00e7evreye \u00f6nem verdi\u011fini g\u00f6stererek, \u00f6zellikle \u00fcst segment pazarlarda g\u00fcven olu\u015fturur.<\/p>\n\n\n\n<ul class=\"wp-block-list\">\n<li>Ambalaj tasar\u0131m\u0131, ilk izlenimi ve \u00fcr\u00fcn kalitesini etkiler.<\/li>\n\n\n\n<li>Net etiketleme ve dikkat \u00e7ekici g\u00f6rseller g\u00fcvenilirlik sa\u011flar.<\/li>\n\n\n\n<li>S\u00fcrd\u00fcr\u00fclebilir ambalajlama, t\u00fcketicilerin de\u011ferleriyle uyumludur ve g\u00fcveni peki\u015ftirir.<\/li>\n<\/ul>\n\n\n\n<h3 class=\"wp-block-heading\">Besin Takviyeleri i\u00e7in S\u00fcrd\u00fcr\u00fclebilir Ambalajlar<\/h3>\n\n\n\n<p class=\"wp-block-paragraph\">Takviye sekt\u00f6r\u00fcnde \u00e7evreye duyarl\u0131 ambalajlama giderek daha fazla \u00f6nem kazan\u0131yor. Art\u0131k bir\u00e7ok marka, geri d\u00f6n\u00fc\u015ft\u00fcr\u00fclebilirli\u011fi destekleyen ve \u00e7evresel etkiyi azaltan malzemeler kullan\u0131yor. Biyobozunur se\u00e7enekler, do\u011fal yollarla par\u00e7alanmalar\u0131 ve at\u0131k miktar\u0131n\u0131 s\u0131n\u0131rlamalar\u0131 nedeniyle pop\u00fclerdir. Baz\u0131 \u015firketler, bitki bazl\u0131 maddelerden \u00fcretilmi\u015f yenilebilir ambalajlar kullan\u0131yor. Cam ve plastik gibi geleneksel malzemeler, i\u015flevselli\u011fi art\u0131rmak amac\u0131yla genellikle s\u00fcrd\u00fcr\u00fclebilir se\u00e7eneklerle birle\u015ftiriliyor.<\/p>\n\n\n\n<figure class=\"wp-block-table\"><table class=\"has-fixed-layout\"><tbody><tr><th>Malzeme T\u00fcr\u00fc<\/th><th>A\u00e7\u0131klama<\/th><\/tr><tr><td>Biyobozunur se\u00e7enekler<\/td><td>Polihidroksialkanoatlar (PHA\u2019lar), polilaktik asit (PLA) ve benzeri malzemeleri i\u00e7erir.<\/td><\/tr><tr><td>Yenilebilir ambalajlar<\/td><td>Kitin, kitosan ve \u00e7e\u015fitli bitki kaynakl\u0131 maddeler gibi bile\u015fenlerden olu\u015fur.<\/td><\/tr><tr><td>Geleneksel malzemeler<\/td><td>\u0130\u015flevselli\u011fi ve \u00e7ekicili\u011fi art\u0131rmak amac\u0131yla genellikle s\u00fcrd\u00fcr\u00fclebilir se\u00e7eneklerle birlikte kullan\u0131l\u0131r.<\/td><\/tr><\/tbody><\/table><\/figure>\n\n\n\n<div style=\"height:30px\" aria-hidden=\"true\" class=\"wp-block-spacer\"><\/div>\n\n\n\n<p class=\"wp-block-paragraph\">T\u00fcketiciler, kendi de\u011ferlerini yans\u0131tan ambalajlar ar\u0131yor. S\u00fcrd\u00fcr\u00fclebilir besin takviyesi ambalajlar\u0131, markalar\u0131n \u00e7evreye duyarl\u0131 al\u0131c\u0131larla ba\u011f kurmas\u0131na yard\u0131mc\u0131 oluyor.<\/p>\n\n\n\n<h3 class=\"wp-block-heading\">Maliyet ve Tedarik\u00e7i Se\u00e7enekleri<\/h3>\n\n\n\n<p class=\"wp-block-paragraph\">Besin takviyeleri i\u00e7in ambalaj se\u00e7erken maliyet \u00f6nemli bir fakt\u00f6rd\u00fcr. Markalar kalite, mevzuata uygunluk ve fiyat aras\u0131nda bir denge kurmal\u0131d\u0131r. Tedarik\u00e7iler, yasal standartlar\u0131 anlamal\u0131 ve malzeme g\u00fcvenli\u011fi konusunda sertifikalar sunmal\u0131d\u0131r. Sekt\u00f6r\u00fcn ihtiya\u00e7lar\u0131n\u0131 kar\u015f\u0131lamak i\u00e7in besin takviyesi ambalajlama alan\u0131nda deneyim \u00f6nemlidir. Malzemelerin kalitesi, \u00fcr\u00fcn\u00fcn korunmas\u0131n\u0131 ve raf \u00f6mr\u00fcn\u00fc etkiler. Yasal sorunlar\u0131 \u00f6nlemek ve takviyeleri nem, \u0131\u015f\u0131k ve havadan korumak i\u00e7in kaplar\u0131n end\u00fcstri standartlar\u0131na uymas\u0131 gerekir.<\/p>\n\n\n\n<ul class=\"wp-block-list\">\n<li>Yasal d\u00fczenlemelere uyum ve g\u00fcvenlik sertifikalar\u0131 hayati \u00f6nem ta\u015f\u0131r.<\/li>\n\n\n\n<li>Tedarik\u00e7ilerin deneyimi ve uzmanl\u0131\u011f\u0131, \u00fcr\u00fcn kalitesini desteklemektedir.<\/li>\n\n\n\n<li>Malzeme kalitesi, aktif bile\u015fenlerin stabil kalmas\u0131n\u0131 sa\u011flar.<\/li>\n\n\n\n<li>Ambalajlar, takviyeleri korumal\u0131 ve yasal gereklilikleri kar\u015f\u0131lamal\u0131d\u0131r.<\/li>\n<\/ul>\n\n\n\n<h3 class=\"wp-block-heading\">\u00d6zel Ambalaj ve Standart Ambalaj<\/h3>\n\n\n\n<p class=\"wp-block-paragraph\">Markalar, \u00f6zel \u00fcretim ve haz\u0131r ambalaj se\u00e7enekleri aras\u0131nda se\u00e7im yapabilir. Haz\u0131r ambalajlarda genellikle daha d\u00fc\u015f\u00fck minimum sipari\u015f miktarlar\u0131 ve standart teslim s\u00fcreleri ge\u00e7erlidir. \u00d6zel \u00fcretim ambalajlar ise kal\u0131plar ve \u00f6zg\u00fcn tasar\u0131mlar nedeniyle daha y\u00fcksek minimum sipari\u015f miktarlar\u0131 ve daha uzun teslim s\u00fcreleri gerektirir. Startup\u2019lar, finansal riski daha az tutarak \u00fcr\u00fcnlerini test etmek i\u00e7in genellikle haz\u0131r ambalajlar\u0131 tercih eder. \u00d6zel \u00fcretim takviye ambalajlar\u0131, \u00f6zg\u00fcn markalama ve \u015fekillere olanak tan\u0131r ancak \u00fcretimi daha fazla zaman al\u0131r.<\/p>\n\n\n\n<figure class=\"wp-block-table\"><table class=\"has-fixed-layout\"><tbody><tr><th>Ambalaj T\u00fcr\u00fc<\/th><th>Asgari Sipari\u015f Miktar\u0131 (MOQ)<\/th><th>Teslim S\u00fcresi<\/th><\/tr><tr><td>Stokta Bulunan Plastik \u015ei\u015feler<\/td><td>1.000 \u2013 10.000 adet<\/td><td>Standart teslim s\u00fcresi<\/td><\/tr><tr><td>\u00d6zel \u00dcretim Plastik\/Cam<\/td><td>3.000 \u2013 50.000+ adet<\/td><td>Daha uzun teslim s\u00fcresi<\/td><\/tr><tr><td>Plastik Kavanozlar<\/td><td>500 \u2013 5.000 adet<\/td><td>Standart teslim s\u00fcresi<\/td><\/tr><tr><td>Cam Kavanozlar<\/td><td>3.000 \u2013 30.000 adet<\/td><td>Daha uzun teslim s\u00fcresi<\/td><\/tr><tr><td>Kutular (Posta Kutusu\/Katlanabilir)<\/td><td>100 \u2013 1.000+ adet<\/td><td>Standart teslim s\u00fcresi<\/td><\/tr><tr><td>Etiketler ve \u00c7\u0131kartmalar<\/td><td>500 \u2013 10.000 adet<\/td><td>Standart teslim s\u00fcresi<\/td><\/tr><tr><td>\u00d6zel Takviye<\/td><td>En az 5.000 adet<\/td><td>4-5 hafta<\/td><\/tr><\/tbody><\/table><\/figure>\n\n\n\n<div style=\"height:30px\" aria-hidden=\"true\" class=\"wp-block-spacer\"><\/div>\n\n\n\n<p class=\"wp-block-paragraph\">Stok ambalajlar esneklik ve h\u0131zl\u0131 teslimat imkan\u0131 sunar. \u00d6zel ambalajlar ise markan\u0131n farkl\u0131la\u015fmas\u0131n\u0131 ve rafta dikkat \u00e7ekici bir g\u00f6r\u00fcn\u00fcm kazanmas\u0131n\u0131 sa\u011flar.<\/p>\n\n\n\n<p class=\"wp-block-paragraph\">En iyi takviye ambalaj\u0131n\u0131 se\u00e7mek i\u00e7in birka\u00e7 \u00f6nemli ad\u0131m vard\u0131r:<\/p>\n\n\n\n<ol class=\"wp-block-list\">\n<li>\u00dcr\u00fcn korumas\u0131n\u0131 de\u011ferlendirin ve vitamin ambalajlar\u0131 i\u00e7in cam veya plastik gibi malzemeleri se\u00e7in.<\/li>\n\n\n\n<li>Besin takviyesi ambalajlar\u0131nda boyut, \u015fekil ve mevzuata uygunluk hususlar\u0131n\u0131 g\u00f6z \u00f6n\u00fcnde bulundurun.<\/li>\n\n\n\n<li>Besin takviyesi ambalajlar\u0131 i\u00e7in \u00f6zel etiketler ve dayan\u0131kl\u0131 nakliye kutular\u0131 tasarlay\u0131n.<\/li>\n<\/ol>\n\n\n\n<figure class=\"wp-block-table\"><table class=\"has-fixed-layout\"><tbody><tr><th>S\u0131k Yap\u0131lan Hata<\/th><th>Etki<\/th><\/tr><tr><td>Yanl\u0131\u015f bariyer malzemeleri<\/td><td>Raf \u00f6mr\u00fcn\u00fc k\u0131salt\u0131r<\/td><\/tr><tr><td>T\u00fcketicinin rahatl\u0131\u011f\u0131n\u0131 g\u00f6z ard\u0131 etmek<\/td><td>Tekrar sat\u0131n al\u0131mlar\u0131 azalt\u0131r<\/td><\/tr><\/tbody><\/table><\/figure>\n\n\n\n<div style=\"height:30px\" aria-hidden=\"true\" class=\"wp-block-spacer\"><\/div>\n\n\n\n<blockquote class=\"wp-block-quote is-layout-flow wp-block-quote-is-layout-flow\">\n<p class=\"wp-block-paragraph\">Ambalaj numuneleri talep etmek, uyumlulu\u011fu test etmeye yard\u0131mc\u0131 olur ve s\u00fcrd\u00fcr\u00fclebilir takviye ambalajlar\u0131n\u0131n markan\u0131zla uyumlu olmas\u0131n\u0131 sa\u011flar. Takviye kaplar\u0131n\u0131 en iyi hale getirmek ve maliyetli hatalardan ka\u00e7\u0131nmak i\u00e7in ambalaj uzmanlar\u0131na dan\u0131\u015f\u0131n.<\/p>\n<\/blockquote>\n\n\n\n<div style=\"height:30px\" aria-hidden=\"true\" class=\"wp-block-spacer\"><\/div>\n\n\n\n<h2 class=\"wp-block-heading\">S\u0131k Sorulan Sorular<\/h2>\n\n\n\n<h3 class=\"wp-block-heading\">Takviyeler i\u00e7in ba\u015fl\u0131ca ambalaj se\u00e7enekleri nelerdir?<\/h3>\n\n\n\n<p class=\"wp-block-paragraph\">\u00dcreticiler, \u015fi\u015feler, kavanozlar, blister ambalajlar, po\u015fetler, sachetler, stick ambalajlar ve \u00f6zel takviye kaplar\u0131 aras\u0131ndan se\u00e7im yapabilirler. Her se\u00e7enek, takviyeleri korur ve \u00fcr\u00fcn b\u00fct\u00fcnl\u00fc\u011f\u00fcn\u00fc sa\u011flar. Se\u00e7enekler, malzeme, boyut ve bariyer \u00f6zellikleri a\u00e7\u0131s\u0131ndan farkl\u0131l\u0131k g\u00f6sterir.<\/p>\n\n\n\n<h3 class=\"wp-block-heading\">Takviyem i\u00e7in en uygun ambalaj\u0131 nas\u0131l se\u00e7erim?<\/h3>\n\n\n\n<p class=\"wp-block-paragraph\">\u00d6ncelikle takviye t\u00fcr\u00fcn\u00fc ve hassasiyetini de\u011ferlendirin. Nem, \u0131\u015f\u0131k ve oksijene kar\u015f\u0131 koruma se\u00e7eneklerini kar\u015f\u0131la\u015ft\u0131r\u0131n. Kullan\u0131c\u0131 rahatl\u0131\u011f\u0131n\u0131, markala\u015fmay\u0131 ve mevzuata uygunlu\u011fu g\u00f6z \u00f6n\u00fcnde bulundurun. S\u00fcrd\u00fcr\u00fclebilir takviye ambalaj se\u00e7enekleri, markalar\u0131n \u00e7evreye duyarl\u0131 t\u00fcketicilerin ihtiya\u00e7lar\u0131n\u0131 kar\u015f\u0131lamas\u0131na yard\u0131mc\u0131 olur.<\/p>\n\n\n\n<h3 class=\"wp-block-heading\">Besin takviyeleri i\u00e7in s\u00fcrd\u00fcr\u00fclebilir ambalaj se\u00e7enekleri var m\u0131?<\/h3>\n\n\n\n<p class=\"wp-block-paragraph\">Evet. Markalar, biyolojik olarak par\u00e7alanabilir, geri d\u00f6n\u00fc\u015ft\u00fcr\u00fclebilir veya bitki bazl\u0131 se\u00e7enekleri tercih edebilir. S\u00fcrd\u00fcr\u00fclebilir takviye ambalaj se\u00e7enekleri aras\u0131nda PCR plastikler, kompostlanabilir po\u015fetler ve cam kaplar yer al\u0131r. Bu se\u00e7enekler \u00e7evresel etkiyi azalt\u0131r ve \u00e7evreye duyarl\u0131 al\u0131c\u0131lar\u0131n ilgisini \u00e7eker.<\/p>\n\n\n\n<h3 class=\"wp-block-heading\">G\u00fcvenlik a\u00e7\u0131s\u0131ndan ambalajlarda hangi \u00f6zellikler bulunmal\u0131d\u0131r?<\/h3>\n\n\n\n<p class=\"wp-block-paragraph\">Ambalajlarda, a\u00e7\u0131lma izi b\u0131rakan m\u00fch\u00fcrler, \u00e7ocuklar\u0131n a\u00e7amayaca\u011f\u0131 kapaklar ve a\u00e7\u0131k ve net etiketler bulunmal\u0131d\u0131r. Blister ambalajlar ve ind\u00fcksiyon m\u00fch\u00fcrleri gibi se\u00e7enekler, takviyeleri kirlenmeden korur. G\u00fcvenlik \u00f6zellikleri, markalar\u0131n t\u00fcketici g\u00fcvenini kazanmas\u0131na ve yasal standartlara uymas\u0131na yard\u0131mc\u0131 olur.<\/p>\n\n\n\n<h3 class=\"wp-block-heading\">Markam i\u00e7in paketleme se\u00e7eneklerini \u00f6zelle\u015ftirebilir miyim?<\/h3>\n\n\n\n<p class=\"wp-block-paragraph\"><a href=\"https:\/\/grandgelgumi.com\/tr\/jole-uretim-hatti\/\">\u00d6zel takviye ambalaj se\u00e7enekleri<\/a> Markalar\u0131n benzersiz \u015fekiller, renkler ve grafikler yaratmas\u0131na olanak tan\u0131r. \u00d6zel kutular, \u00f6zel po\u015fetler ve markal\u0131 etiketler, \u00fcr\u00fcnlerin \u00f6ne \u00e7\u0131kmas\u0131na yard\u0131mc\u0131 olur. Bu se\u00e7enekler, marka farkl\u0131la\u015fmas\u0131n\u0131 ve rafta dikkat \u00e7ekmeyi destekler.<\/p>\n\n\n\n<blockquote class=\"wp-block-quote is-layout-flow wp-block-quote-is-layout-flow\">\n<p class=\"wp-block-paragraph\">\u0130pucu: Se\u00e7iminizi kesinle\u015ftirmeden \u00f6nce ambalaj se\u00e7eneklerinin numunelerini isteyin. Numuneler, uyumlulu\u011fu test etmenize yard\u0131mc\u0131 olur ve takviye kaplar\u0131n\u0131n \u00fcr\u00fcn ihtiya\u00e7lar\u0131n\u0131 kar\u015f\u0131lad\u0131\u011f\u0131ndan emin olman\u0131z\u0131 sa\u011flar.<\/p>\n<\/blockquote>\n\n\n\n<div style=\"height:30px\" aria-hidden=\"true\" class=\"wp-block-spacer\"><\/div>\n\n\n\n<figure class=\"wp-block-table\"><table class=\"has-fixed-layout\"><tbody><tr><th>Ambalaj Se\u00e7enekleri<\/th><th>Avantajlar<\/th><\/tr><tr><td>\u015ei\u015feler<\/td><td>Tan\u0131d\u0131k, kullan\u0131m\u0131 kolay<\/td><\/tr><tr><td>Blister Ambalajlar<\/td><td>Tek dozluk, a\u00e7\u0131lma izi g\u00f6steren<\/td><\/tr><tr><td>Torbalar<\/td><td>Ta\u015f\u0131nabilir, \u00e7evre dostu<\/td><\/tr><tr><td>\u00d6zel<\/td><td>E\u015fsiz marka kimli\u011fi<\/td><\/tr><\/tbody><\/table><\/figure>\n\n\n\n<div style=\"height:30px\" aria-hidden=\"true\" class=\"wp-block-spacer\"><\/div>","protected":false},"excerpt":{"rendered":"<p>Takviye \u00fcr\u00fcnlerinin ambalajlar\u0131, optimum \u00fcr\u00fcn kalitesi i\u00e7in g\u00fcvenlik, mevzuata uygunluk ve markala\u015fma gereksinimlerini kar\u015f\u0131larken nem, \u0131\u015f\u0131k ve havadan koruma sa\u011flamal\u0131d\u0131r.<\/p>","protected":false},"author":2,"featured_media":3084,"comment_status":"open","ping_status":"open","sticky":false,"template":"","format":"standard","meta":{"footnotes":""},"categories":[16],"tags":[],"class_list":["post-3083","post","type-post","status-publish","format-standard","has-post-thumbnail","hentry","category-buying-guides"],"blocksy_meta":[],"_links":{"self":[{"href":"https:\/\/grandgelgumi.com\/tr\/wp-json\/wp\/v2\/posts\/3083","targetHints":{"allow":["GET"]}}],"collection":[{"href":"https:\/\/grandgelgumi.com\/tr\/wp-json\/wp\/v2\/posts"}],"about":[{"href":"https:\/\/grandgelgumi.com\/tr\/wp-json\/wp\/v2\/types\/post"}],"author":[{"embeddable":true,"href":"https:\/\/grandgelgumi.com\/tr\/wp-json\/wp\/v2\/users\/2"}],"replies":[{"embeddable":true,"href":"https:\/\/grandgelgumi.com\/tr\/wp-json\/wp\/v2\/comments?post=3083"}],"version-history":[{"count":2,"href":"https:\/\/grandgelgumi.com\/tr\/wp-json\/wp\/v2\/posts\/3083\/revisions"}],"predecessor-version":[{"id":3089,"href":"https:\/\/grandgelgumi.com\/tr\/wp-json\/wp\/v2\/posts\/3083\/revisions\/3089"}],"wp:featuredmedia":[{"embeddable":true,"href":"https:\/\/grandgelgumi.com\/tr\/wp-json\/wp\/v2\/media\/3084"}],"wp:attachment":[{"href":"https:\/\/grandgelgumi.com\/tr\/wp-json\/wp\/v2\/media?parent=3083"}],"wp:term":[{"taxonomy":"category","embeddable":true,"href":"https:\/\/grandgelgumi.com\/tr\/wp-json\/wp\/v2\/categories?post=3083"},{"taxonomy":"post_tag","embeddable":true,"href":"https:\/\/grandgelgumi.com\/tr\/wp-json\/wp\/v2\/tags?post=3083"}],"curies":[{"name":"wp","href":"https:\/\/api.w.org\/{rel}","templated":true}]}}